{"id":6732,"date":"2024-07-22T14:09:35","date_gmt":"2024-07-22T12:09:35","guid":{"rendered":"https:\/\/businesshydro.fr\/non-classifiee\/decouvrez-la-1ere-interview-de-notre-serie-business-hydro\/"},"modified":"2025-02-26T17:32:51","modified_gmt":"2025-02-26T16:32:51","slug":"discover-the-1st-interview-of-our-business-hydro-series","status":"publish","type":"post","link":"https:\/\/businesshydro.fr\/en\/actualite-en\/discover-the-1st-interview-of-our-business-hydro-series\/","title":{"rendered":"Discover the 1st interview of our \u201cBUSINESS HYDRO series\u201d"},"content":{"rendered":"\t\t<div data-elementor-type=\"wp-post\" data-elementor-id=\"6732\" class=\"elementor elementor-6732 elementor-4163\" data-elementor-post-type=\"post\">\n\t\t\t\t<div class=\"elementor-element elementor-element-11a3dca e-flex e-con-boxed e-con e-parent\" data-id=\"11a3dca\" data-element_type=\"container\" data-e-type=\"container\">\n\t\t\t\t\t<div class=\"e-con-inner\">\n\t\t\t\t<div class=\"elementor-element elementor-element-ea9209a elementor-widget elementor-widget-video\" data-id=\"ea9209a\" data-element_type=\"widget\" data-e-type=\"widget\" data-settings=\"{&quot;youtube_url&quot;:&quot;https:\\\/\\\/www.youtube.com\\\/watch?v=v9VuJfubjD4&amp;ab_channel=SalonBusinessHydroorganis%C3%A9parHydro21&quot;,&quot;video_type&quot;:&quot;youtube&quot;,&quot;controls&quot;:&quot;yes&quot;}\" data-widget_type=\"video.default\">\n\t\t\t\t<div class=\"elementor-widget-container\">\n\t\t\t\t\t\t\t<div class=\"elementor-wrapper elementor-open-inline\">\n\t\t\t<div class=\"elementor-video\"><\/div>\t\t<\/div>\n\t\t\t\t\t\t<\/div>\n\t\t\t\t<\/div>\n\t\t\t\t<div class=\"elementor-element elementor-element-b435946 elementor-widget elementor-widget-heading\" data-id=\"b435946\" data-element_type=\"widget\" data-e-type=\"widget\" data-widget_type=\"heading.default\">\n\t\t\t\t<div class=\"elementor-widget-container\">\n\t\t\t\t\t<h2 class=\"elementor-heading-title elementor-size-default\">Discover the 1st interview of our \u201cBUSINESS HYDRO series\u201d<\/h2>\t\t\t\t<\/div>\n\t\t\t\t<\/div>\n\t\t\t\t\t<\/div>\n\t\t\t\t<\/div>\n\t\t<div class=\"elementor-element elementor-element-d12017c e-flex e-con-boxed e-con e-parent\" data-id=\"d12017c\" data-element_type=\"container\" data-e-type=\"container\">\n\t\t\t\t\t<div class=\"e-con-inner\">\n\t\t\t\t<div class=\"elementor-element elementor-element-c937367 elementor-widget elementor-widget-text-editor\" data-id=\"c937367\" data-element_type=\"widget\" data-e-type=\"widget\" data-widget_type=\"text-editor.default\">\n\t\t\t\t<div class=\"elementor-widget-container\">\n\t\t\t\t\t\t\t\t\t<p>We are pleased to announce the release of our first video clip in our \u201cBUSINESS HYDRO series\u201d, featuring EDF, our official show partner and DIAMOND sponsor.<\/p><p>In this exclusive interview, conducted by Savoie News, Karine Lemaire, Industrial Project Manager at EDF, shares her professional priorities and the importance of her participation in the Business Hydro show for her business.<\/p><p>The interview covers five main topics :<\/p><ul><li>What are your professional priorities ?<\/li><li>Why should you participate as an exhibitor ?<\/li><li>What&#8217;s at stake for your business ?<\/li><li>Why do you consider this event to be so much more than just a trade show ?<\/li><li>What arguments would you give to convince people to attend ?<\/li><\/ul><p><strong>Watch the interview on our YouTube page :<\/strong>\u00a0<a href=\"https:\/\/youtu.be\/v9VuJfubjD4?si=kDkgUXtlDtOq9Ced\" target=\"_blank\" rel=\"noopener\">KONBINI Karine Lemaire, Industrial Project Manager at EDF !<\/a><\/p><p>Take this opportunity to deepen your understanding of the challenges facing our sector, thanks to Karine Lemaire&#8217;s expert testimony.<\/p><p><strong>Stay tuned for more exclusive interviews !<\/strong><\/p><p>\u2192 As a reminder, the <strong>9th Rencontres BUSINESS HYDRO<\/strong> will take place on <strong>October 8 and 9, 2024<\/strong> in GRENOBLE (Alpexpo). This event will bring together around 170 exhibitors and welcome 2,000 participants.<\/p><p>Together, let&#8217;s make Business Hydro 2024 a resounding success! Don&#8217;t miss this opportunity to promote your company over two days!<\/p>\t\t\t\t\t\t\t\t<\/div>\n\t\t\t\t<\/div>\n\t\t\t\t\t<\/div>\n\t\t\t\t<\/div>\n\t\t<div class=\"elementor-element elementor-element-6020fb7 e-grid e-con-boxed e-con e-parent\" data-id=\"6020fb7\" data-element_type=\"container\" data-e-type=\"container\">\n\t\t\t\t\t<div class=\"e-con-inner\">\n\t\t\t\t<div class=\"elementor-element elementor-element-a2b21f8 elementor-widget elementor-widget-button\" data-id=\"a2b21f8\" data-element_type=\"widget\" data-e-type=\"widget\" data-widget_type=\"button.default\">\n\t\t\t\t<div class=\"elementor-widget-container\">\n\t\t\t\t\t\t\t\t\t<div class=\"elementor-button-wrapper\">\n\t\t\t\t\t<a class=\"elementor-button elementor-button-link elementor-size-sm\" href=\"https:\/\/businesshydro.fr\/en\/business-fair\/\">\n\t\t\t\t\t\t<span class=\"elementor-button-content-wrapper\">\n\t\t\t\t\t\t\t\t\t<span class=\"elementor-button-text\">Find out more about Business Hydro<\/span>\n\t\t\t\t\t<\/span>\n\t\t\t\t\t<\/a>\n\t\t\t\t<\/div>\n\t\t\t\t\t\t\t\t<\/div>\n\t\t\t\t<\/div>\n\t\t\t\t<div class=\"elementor-element elementor-element-55b39ff elementor-widget elementor-widget-button\" data-id=\"55b39ff\" data-element_type=\"widget\" data-e-type=\"widget\" data-widget_type=\"button.default\">\n\t\t\t\t<div class=\"elementor-widget-container\">\n\t\t\t\t\t\t\t\t\t<div class=\"elementor-button-wrapper\">\n\t\t\t\t\t<a class=\"elementor-button elementor-button-link elementor-size-sm\" href=\"https:\/\/businesshydro.fr\/en\/program\/\">\n\t\t\t\t\t\t<span class=\"elementor-button-content-wrapper\">\n\t\t\t\t\t\t\t\t\t<span class=\"elementor-button-text\">Discover the Business Hydro 2024 program<\/span>\n\t\t\t\t\t<\/span>\n\t\t\t\t\t<\/a>\n\t\t\t\t<\/div>\n\t\t\t\t\t\t\t\t<\/div>\n\t\t\t\t<\/div>\n\t\t\t\t\t<\/div>\n\t\t\t\t<\/div>\n\t\t<div class=\"elementor-element elementor-element-2266b2b e-flex e-con-boxed e-con e-parent\" data-id=\"2266b2b\" data-element_type=\"container\" data-e-type=\"container\">\n\t\t\t\t\t<div class=\"e-con-inner\">\n\t\t\t\t<div class=\"elementor-element elementor-element-b8aac3a elementor-widget elementor-widget-post-info\" data-id=\"b8aac3a\" data-element_type=\"widget\" data-e-type=\"widget\" data-widget_type=\"post-info.default\">\n\t\t\t\t<div class=\"elementor-widget-container\">\n\t\t\t\t\t\t\t<ul class=\"elementor-inline-items elementor-icon-list-items elementor-post-info\">\n\t\t\t\t\t\t\t\t<li class=\"elementor-icon-list-item elementor-repeater-item-b5b20a0 elementor-inline-item\" itemprop=\"datePublished\">\n\t\t\t\t\t\t<a href=\"https:\/\/businesshydro.fr\/en\/2024\/07\/22\/\">\n\t\t\t\t\t\t\t\t\t\t\t\t\t\t<span class=\"elementor-icon-list-text elementor-post-info__item elementor-post-info__item--type-date\">\n\t\t\t\t\t\t\t\t\t\t<time>22\/07\/2024<\/time>\t\t\t\t\t<\/span>\n\t\t\t\t\t\t\t\t\t<\/a>\n\t\t\t\t<\/li>\n\t\t\t\t<\/ul>\n\t\t\t\t\t\t<\/div>\n\t\t\t\t<\/div>\n\t\t\t\t\t<\/div>\n\t\t\t\t<\/div>\n\t\t<div class=\"elementor-element elementor-element-55d8871 e-flex e-con-boxed e-con e-parent\" data-id=\"55d8871\" data-element_type=\"container\" data-e-type=\"container\">\n\t\t\t\t\t<div class=\"e-con-inner\">\n\t\t\t\t<div class=\"elementor-element elementor-element-b415f31 elementor-widget elementor-widget-post-navigation\" data-id=\"b415f31\" data-element_type=\"widget\" data-e-type=\"widget\" data-widget_type=\"post-navigation.default\">\n\t\t\t\t<div class=\"elementor-widget-container\">\n\t\t\t\t\t\t\t<div class=\"elementor-post-navigation\" role=\"navigation\" aria-label=\"Post Navigation\">\n\t\t\t<div class=\"elementor-post-navigation__prev elementor-post-navigation__link\">\n\t\t\t\t<a href=\"https:\/\/businesshydro.fr\/en\/actualite-en\/discover-the-business-hydro-2024-teaser\/\" rel=\"prev\"><span class=\"post-navigation__arrow-wrapper post-navigation__arrow-prev\"><svg aria-hidden=\"true\" class=\"e-font-icon-svg e-fas-angle-left\" viewBox=\"0 0 256 512\" xmlns=\"http:\/\/www.w3.org\/2000\/svg\"><path d=\"M31.7 239l136-136c9.4-9.4 24.6-9.4 33.9 0l22.6 22.6c9.4 9.4 9.4 24.6 0 33.9L127.9 256l96.4 96.4c9.4 9.4 9.4 24.6 0 33.9L201.7 409c-9.4 9.4-24.6 9.4-33.9 0l-136-136c-9.5-9.4-9.5-24.6-.1-34z\"><\/path><\/svg><span class=\"elementor-screen-only\">Prev<\/span><\/span><span class=\"elementor-post-navigation__link__prev\"><span class=\"post-navigation__prev--title\">Discover the Business Hydro 2024 teaser !<\/span><\/span><\/a>\t\t\t<\/div>\n\t\t\t\t\t\t<div class=\"elementor-post-navigation__next elementor-post-navigation__link\">\n\t\t\t\t<a href=\"https:\/\/businesshydro.fr\/en\/actualite-en\/discover-the-2nd-interview-of-our-business-hydro-series\/\" rel=\"next\"><span class=\"elementor-post-navigation__link__next\"><span class=\"post-navigation__next--title\">Discover the 2nd interview of our \u201cBUSINESS HYDRO series\u201d<\/span><\/span><span class=\"post-navigation__arrow-wrapper post-navigation__arrow-next\"><svg aria-hidden=\"true\" class=\"e-font-icon-svg e-fas-angle-right\" viewBox=\"0 0 256 512\" xmlns=\"http:\/\/www.w3.org\/2000\/svg\"><path d=\"M224.3 273l-136 136c-9.4 9.4-24.6 9.4-33.9 0l-22.6-22.6c-9.4-9.4-9.4-24.6 0-33.9l96.4-96.4-96.4-96.4c-9.4-9.4-9.4-24.6 0-33.9L54.3 103c9.4-9.4 24.6-9.4 33.9 0l136 136c9.5 9.4 9.5 24.6.1 34z\"><\/path><\/svg><span class=\"elementor-screen-only\">Next<\/span><\/span><\/a>\t\t\t<\/div>\n\t\t<\/div>\n\t\t\t\t\t\t<\/div>\n\t\t\t\t<\/div>\n\t\t\t\t\t<\/div>\n\t\t\t\t<\/div>\n\t\t<div class=\"elementor-element elementor-element-44dffde e-flex e-con-boxed e-con e-parent\" data-id=\"44dffde\" data-element_type=\"container\" data-e-type=\"container\">\n\t\t\t\t\t<div class=\"e-con-inner\">\n\t\t\t\t<div class=\"elementor-element elementor-element-dfb67a7 elementor-widget elementor-widget-spacer\" data-id=\"dfb67a7\" data-element_type=\"widget\" data-e-type=\"widget\" data-widget_type=\"spacer.default\">\n\t\t\t\t<div class=\"elementor-widget-container\">\n\t\t\t\t\t\t\t<div class=\"elementor-spacer\">\n\t\t\t<div class=\"elementor-spacer-inner\"><\/div>\n\t\t<\/div>\n\t\t\t\t\t\t<\/div>\n\t\t\t\t<\/div>\n\t\t\t\t\t<\/div>\n\t\t\t\t<\/div>\n\t\t\t\t<\/div>\n\t\t","protected":false},"excerpt":{"rendered":"<p>Discover the 1st interview of our \u201cBUSINESS HYDRO series\u201d We are pleased to announce the release of our first video clip in our \u201cBUSINESS HYDRO series\u201d, featuring EDF, our official show partner and DIAMOND sponsor. In this exclusive interview, conducted by Savoie News, Karine Lemaire, Industrial Project Manager at EDF, shares her professional priorities and &#8230; <a title=\"Discover the 1st interview of our \u201cBUSINESS HYDRO series\u201d\" class=\"read-more\" href=\"https:\/\/businesshydro.fr\/en\/actualite-en\/discover-the-1st-interview-of-our-business-hydro-series\/\" aria-label=\"Read more about Discover the 1st interview of our \u201cBUSINESS HYDRO series\u201d\">Read more<\/a><\/p>\n","protected":false},"author":1,"featured_media":4208,"comment_status":"closed","ping_status":"closed","sticky":false,"template":"elementor_header_footer","format":"standard","meta":{"inline_featured_image":false,"footnotes":""},"categories":[46],"tags":[],"class_list":["post-6732","post","type-post","status-publish","format-standard","has-post-thumbnail","hentry","category-actualite-en"],"yoast_head":"<!-- This site is optimized with the Yoast SEO plugin v27.4 - https:\/\/yoast.com\/product\/yoast-seo-wordpress\/ -->\n<title>Discover the 1st interview of our \u201cBUSINESS HYDRO series\u201d - Business Hydro<\/title>\n<meta name=\"description\" content=\"D\u00e9couvrez la sortie de notre premier clip vid\u00e9o, mettant en lumi\u00e8re Karine Lemaire, charg\u00e9e de mission relations industrielles chez EDF.\" \/>\n<meta name=\"robots\" content=\"index, follow, max-snippet:-1, max-image-preview:large, max-video-preview:-1\" \/>\n<link rel=\"canonical\" href=\"https:\/\/businesshydro.fr\/en\/actualite-en\/discover-the-1st-interview-of-our-business-hydro-series\/\" \/>\n<meta property=\"og:locale\" content=\"en_US\" \/>\n<meta property=\"og:type\" content=\"article\" \/>\n<meta property=\"og:title\" content=\"Discover the 1st interview of our \u201cBUSINESS HYDRO series\u201d - Business Hydro\" \/>\n<meta property=\"og:description\" content=\"D\u00e9couvrez la sortie de notre premier clip vid\u00e9o, mettant en lumi\u00e8re Karine Lemaire, charg\u00e9e de mission relations industrielles chez EDF.\" \/>\n<meta property=\"og:url\" content=\"https:\/\/businesshydro.fr\/en\/actualite-en\/discover-the-1st-interview-of-our-business-hydro-series\/\" \/>\n<meta property=\"og:site_name\" content=\"Business Hydro\" \/>\n<meta property=\"article:published_time\" content=\"2024-07-22T12:09:35+00:00\" \/>\n<meta property=\"article:modified_time\" content=\"2025-02-26T16:32:51+00:00\" \/>\n<meta property=\"og:image\" content=\"https:\/\/businesshydro.fr\/wp-content\/uploads\/2024\/07\/1ere-interview-de-notre-serie-BUSINESS-HYDRO-EDF-actu-Salon-Business-Hydro.jpg\" \/>\n\t<meta property=\"og:image:width\" content=\"1000\" \/>\n\t<meta property=\"og:image:height\" content=\"603\" \/>\n\t<meta property=\"og:image:type\" content=\"image\/jpeg\" \/>\n<meta name=\"author\" content=\"admin3239\" \/>\n<meta name=\"twitter:card\" content=\"summary_large_image\" \/>\n<meta name=\"twitter:label1\" content=\"Written by\" \/>\n\t<meta name=\"twitter:data1\" content=\"admin3239\" \/>\n\t<meta name=\"twitter:label2\" content=\"Est. reading time\" \/>\n\t<meta name=\"twitter:data2\" content=\"2 minutes\" \/>\n<script type=\"application\/ld+json\" class=\"yoast-schema-graph\">{\"@context\":\"https:\\\/\\\/schema.org\",\"@graph\":[{\"@type\":\"Article\",\"@id\":\"https:\\\/\\\/businesshydro.fr\\\/en\\\/actualite-en\\\/discover-the-1st-interview-of-our-business-hydro-series\\\/#article\",\"isPartOf\":{\"@id\":\"https:\\\/\\\/businesshydro.fr\\\/en\\\/actualite-en\\\/discover-the-1st-interview-of-our-business-hydro-series\\\/\"},\"author\":{\"name\":\"admin3239\",\"@id\":\"https:\\\/\\\/businesshydro.fr\\\/#\\\/schema\\\/person\\\/96548f55c5c8b5465a2b1663c2cb0c23\"},\"headline\":\"Discover the 1st interview of our \u201cBUSINESS HYDRO series\u201d\",\"datePublished\":\"2024-07-22T12:09:35+00:00\",\"dateModified\":\"2025-02-26T16:32:51+00:00\",\"mainEntityOfPage\":{\"@id\":\"https:\\\/\\\/businesshydro.fr\\\/en\\\/actualite-en\\\/discover-the-1st-interview-of-our-business-hydro-series\\\/\"},\"wordCount\":242,\"publisher\":{\"@id\":\"https:\\\/\\\/businesshydro.fr\\\/#organization\"},\"image\":{\"@id\":\"https:\\\/\\\/businesshydro.fr\\\/en\\\/actualite-en\\\/discover-the-1st-interview-of-our-business-hydro-series\\\/#primaryimage\"},\"thumbnailUrl\":\"https:\\\/\\\/businesshydro.fr\\\/wp-content\\\/uploads\\\/2024\\\/07\\\/1ere-interview-de-notre-serie-BUSINESS-HYDRO-EDF-actu-Salon-Business-Hydro.jpg\",\"articleSection\":[\"Actualit\u00e9\"],\"inLanguage\":\"en-US\"},{\"@type\":\"WebPage\",\"@id\":\"https:\\\/\\\/businesshydro.fr\\\/en\\\/actualite-en\\\/discover-the-1st-interview-of-our-business-hydro-series\\\/\",\"url\":\"https:\\\/\\\/businesshydro.fr\\\/en\\\/actualite-en\\\/discover-the-1st-interview-of-our-business-hydro-series\\\/\",\"name\":\"Discover the 1st interview of our \u201cBUSINESS HYDRO series\u201d - Business Hydro\",\"isPartOf\":{\"@id\":\"https:\\\/\\\/businesshydro.fr\\\/#website\"},\"primaryImageOfPage\":{\"@id\":\"https:\\\/\\\/businesshydro.fr\\\/en\\\/actualite-en\\\/discover-the-1st-interview-of-our-business-hydro-series\\\/#primaryimage\"},\"image\":{\"@id\":\"https:\\\/\\\/businesshydro.fr\\\/en\\\/actualite-en\\\/discover-the-1st-interview-of-our-business-hydro-series\\\/#primaryimage\"},\"thumbnailUrl\":\"https:\\\/\\\/businesshydro.fr\\\/wp-content\\\/uploads\\\/2024\\\/07\\\/1ere-interview-de-notre-serie-BUSINESS-HYDRO-EDF-actu-Salon-Business-Hydro.jpg\",\"datePublished\":\"2024-07-22T12:09:35+00:00\",\"dateModified\":\"2025-02-26T16:32:51+00:00\",\"description\":\"D\u00e9couvrez la sortie de notre premier clip vid\u00e9o, mettant en lumi\u00e8re Karine Lemaire, charg\u00e9e de mission relations industrielles chez EDF.\",\"breadcrumb\":{\"@id\":\"https:\\\/\\\/businesshydro.fr\\\/en\\\/actualite-en\\\/discover-the-1st-interview-of-our-business-hydro-series\\\/#breadcrumb\"},\"inLanguage\":\"en-US\",\"potentialAction\":[{\"@type\":\"ReadAction\",\"target\":[\"https:\\\/\\\/businesshydro.fr\\\/en\\\/actualite-en\\\/discover-the-1st-interview-of-our-business-hydro-series\\\/\"]}]},{\"@type\":\"ImageObject\",\"inLanguage\":\"en-US\",\"@id\":\"https:\\\/\\\/businesshydro.fr\\\/en\\\/actualite-en\\\/discover-the-1st-interview-of-our-business-hydro-series\\\/#primaryimage\",\"url\":\"https:\\\/\\\/businesshydro.fr\\\/wp-content\\\/uploads\\\/2024\\\/07\\\/1ere-interview-de-notre-serie-BUSINESS-HYDRO-EDF-actu-Salon-Business-Hydro.jpg\",\"contentUrl\":\"https:\\\/\\\/businesshydro.fr\\\/wp-content\\\/uploads\\\/2024\\\/07\\\/1ere-interview-de-notre-serie-BUSINESS-HYDRO-EDF-actu-Salon-Business-Hydro.jpg\",\"width\":1000,\"height\":603,\"caption\":\"1\u00e8re interview de notre s\u00e9rie BUSINESS HYDRO - EDF - actu Salon Business Hydro\"},{\"@type\":\"BreadcrumbList\",\"@id\":\"https:\\\/\\\/businesshydro.fr\\\/en\\\/actualite-en\\\/discover-the-1st-interview-of-our-business-hydro-series\\\/#breadcrumb\",\"itemListElement\":[{\"@type\":\"ListItem\",\"position\":1,\"name\":\"Accueil\",\"item\":\"https:\\\/\\\/businesshydro.fr\\\/en\\\/\"},{\"@type\":\"ListItem\",\"position\":2,\"name\":\"Discover the 1st interview of our \u201cBUSINESS HYDRO series\u201d\"}]},{\"@type\":\"WebSite\",\"@id\":\"https:\\\/\\\/businesshydro.fr\\\/#website\",\"url\":\"https:\\\/\\\/businesshydro.fr\\\/\",\"name\":\"Business Hydro\",\"description\":\"11th Business Hydro trade fair\",\"publisher\":{\"@id\":\"https:\\\/\\\/businesshydro.fr\\\/#organization\"},\"potentialAction\":[{\"@type\":\"SearchAction\",\"target\":{\"@type\":\"EntryPoint\",\"urlTemplate\":\"https:\\\/\\\/businesshydro.fr\\\/?s={search_term_string}\"},\"query-input\":{\"@type\":\"PropertyValueSpecification\",\"valueRequired\":true,\"valueName\":\"search_term_string\"}}],\"inLanguage\":\"en-US\"},{\"@type\":\"Organization\",\"@id\":\"https:\\\/\\\/businesshydro.fr\\\/#organization\",\"name\":\"Business Hydro\",\"url\":\"https:\\\/\\\/businesshydro.fr\\\/\",\"logo\":{\"@type\":\"ImageObject\",\"inLanguage\":\"en-US\",\"@id\":\"https:\\\/\\\/businesshydro.fr\\\/#\\\/schema\\\/logo\\\/image\\\/\",\"url\":\"https:\\\/\\\/businesshydro.fr\\\/wp-content\\\/uploads\\\/2026\\\/02\\\/Logo-BH-2026-Anglais-RVB-scaled.png\",\"contentUrl\":\"https:\\\/\\\/businesshydro.fr\\\/wp-content\\\/uploads\\\/2026\\\/02\\\/Logo-BH-2026-Anglais-RVB-scaled.png\",\"width\":2560,\"height\":960,\"caption\":\"Business Hydro\"},\"image\":{\"@id\":\"https:\\\/\\\/businesshydro.fr\\\/#\\\/schema\\\/logo\\\/image\\\/\"}},{\"@type\":\"Person\",\"@id\":\"https:\\\/\\\/businesshydro.fr\\\/#\\\/schema\\\/person\\\/96548f55c5c8b5465a2b1663c2cb0c23\",\"name\":\"admin3239\",\"image\":{\"@type\":\"ImageObject\",\"inLanguage\":\"en-US\",\"@id\":\"https:\\\/\\\/secure.gravatar.com\\\/avatar\\\/742e8c16ee7fb674da67f1770edfa40a7a1d05d4ad969bb6dd9e9299a76680b6?s=96&d=mm&r=g\",\"url\":\"https:\\\/\\\/secure.gravatar.com\\\/avatar\\\/742e8c16ee7fb674da67f1770edfa40a7a1d05d4ad969bb6dd9e9299a76680b6?s=96&d=mm&r=g\",\"contentUrl\":\"https:\\\/\\\/secure.gravatar.com\\\/avatar\\\/742e8c16ee7fb674da67f1770edfa40a7a1d05d4ad969bb6dd9e9299a76680b6?s=96&d=mm&r=g\",\"caption\":\"admin3239\"},\"sameAs\":[\"http:\\\/\\\/businesshydro.fr\"],\"url\":\"https:\\\/\\\/businesshydro.fr\\\/en\\\/author\\\/admin3239\\\/\"}]}<\/script>\n<!-- \/ Yoast SEO plugin. -->","yoast_head_json":{"title":"Discover the 1st interview of our \u201cBUSINESS HYDRO series\u201d - Business Hydro","description":"D\u00e9couvrez la sortie de notre premier clip vid\u00e9o, mettant en lumi\u00e8re Karine Lemaire, charg\u00e9e de mission relations industrielles chez EDF.","robots":{"index":"index","follow":"follow","max-snippet":"max-snippet:-1","max-image-preview":"max-image-preview:large","max-video-preview":"max-video-preview:-1"},"canonical":"https:\/\/businesshydro.fr\/en\/actualite-en\/discover-the-1st-interview-of-our-business-hydro-series\/","og_locale":"en_US","og_type":"article","og_title":"Discover the 1st interview of our \u201cBUSINESS HYDRO series\u201d - Business Hydro","og_description":"D\u00e9couvrez la sortie de notre premier clip vid\u00e9o, mettant en lumi\u00e8re Karine Lemaire, charg\u00e9e de mission relations industrielles chez EDF.","og_url":"https:\/\/businesshydro.fr\/en\/actualite-en\/discover-the-1st-interview-of-our-business-hydro-series\/","og_site_name":"Business Hydro","article_published_time":"2024-07-22T12:09:35+00:00","article_modified_time":"2025-02-26T16:32:51+00:00","og_image":[{"width":1000,"height":603,"url":"https:\/\/businesshydro.fr\/wp-content\/uploads\/2024\/07\/1ere-interview-de-notre-serie-BUSINESS-HYDRO-EDF-actu-Salon-Business-Hydro.jpg","type":"image\/jpeg"}],"author":"admin3239","twitter_card":"summary_large_image","twitter_misc":{"Written by":"admin3239","Est. reading time":"2 minutes"},"schema":{"@context":"https:\/\/schema.org","@graph":[{"@type":"Article","@id":"https:\/\/businesshydro.fr\/en\/actualite-en\/discover-the-1st-interview-of-our-business-hydro-series\/#article","isPartOf":{"@id":"https:\/\/businesshydro.fr\/en\/actualite-en\/discover-the-1st-interview-of-our-business-hydro-series\/"},"author":{"name":"admin3239","@id":"https:\/\/businesshydro.fr\/#\/schema\/person\/96548f55c5c8b5465a2b1663c2cb0c23"},"headline":"Discover the 1st interview of our \u201cBUSINESS HYDRO series\u201d","datePublished":"2024-07-22T12:09:35+00:00","dateModified":"2025-02-26T16:32:51+00:00","mainEntityOfPage":{"@id":"https:\/\/businesshydro.fr\/en\/actualite-en\/discover-the-1st-interview-of-our-business-hydro-series\/"},"wordCount":242,"publisher":{"@id":"https:\/\/businesshydro.fr\/#organization"},"image":{"@id":"https:\/\/businesshydro.fr\/en\/actualite-en\/discover-the-1st-interview-of-our-business-hydro-series\/#primaryimage"},"thumbnailUrl":"https:\/\/businesshydro.fr\/wp-content\/uploads\/2024\/07\/1ere-interview-de-notre-serie-BUSINESS-HYDRO-EDF-actu-Salon-Business-Hydro.jpg","articleSection":["Actualit\u00e9"],"inLanguage":"en-US"},{"@type":"WebPage","@id":"https:\/\/businesshydro.fr\/en\/actualite-en\/discover-the-1st-interview-of-our-business-hydro-series\/","url":"https:\/\/businesshydro.fr\/en\/actualite-en\/discover-the-1st-interview-of-our-business-hydro-series\/","name":"Discover the 1st interview of our \u201cBUSINESS HYDRO series\u201d - Business Hydro","isPartOf":{"@id":"https:\/\/businesshydro.fr\/#website"},"primaryImageOfPage":{"@id":"https:\/\/businesshydro.fr\/en\/actualite-en\/discover-the-1st-interview-of-our-business-hydro-series\/#primaryimage"},"image":{"@id":"https:\/\/businesshydro.fr\/en\/actualite-en\/discover-the-1st-interview-of-our-business-hydro-series\/#primaryimage"},"thumbnailUrl":"https:\/\/businesshydro.fr\/wp-content\/uploads\/2024\/07\/1ere-interview-de-notre-serie-BUSINESS-HYDRO-EDF-actu-Salon-Business-Hydro.jpg","datePublished":"2024-07-22T12:09:35+00:00","dateModified":"2025-02-26T16:32:51+00:00","description":"D\u00e9couvrez la sortie de notre premier clip vid\u00e9o, mettant en lumi\u00e8re Karine Lemaire, charg\u00e9e de mission relations industrielles chez EDF.","breadcrumb":{"@id":"https:\/\/businesshydro.fr\/en\/actualite-en\/discover-the-1st-interview-of-our-business-hydro-series\/#breadcrumb"},"inLanguage":"en-US","potentialAction":[{"@type":"ReadAction","target":["https:\/\/businesshydro.fr\/en\/actualite-en\/discover-the-1st-interview-of-our-business-hydro-series\/"]}]},{"@type":"ImageObject","inLanguage":"en-US","@id":"https:\/\/businesshydro.fr\/en\/actualite-en\/discover-the-1st-interview-of-our-business-hydro-series\/#primaryimage","url":"https:\/\/businesshydro.fr\/wp-content\/uploads\/2024\/07\/1ere-interview-de-notre-serie-BUSINESS-HYDRO-EDF-actu-Salon-Business-Hydro.jpg","contentUrl":"https:\/\/businesshydro.fr\/wp-content\/uploads\/2024\/07\/1ere-interview-de-notre-serie-BUSINESS-HYDRO-EDF-actu-Salon-Business-Hydro.jpg","width":1000,"height":603,"caption":"1\u00e8re interview de notre s\u00e9rie BUSINESS HYDRO - EDF - actu Salon Business Hydro"},{"@type":"BreadcrumbList","@id":"https:\/\/businesshydro.fr\/en\/actualite-en\/discover-the-1st-interview-of-our-business-hydro-series\/#breadcrumb","itemListElement":[{"@type":"ListItem","position":1,"name":"Accueil","item":"https:\/\/businesshydro.fr\/en\/"},{"@type":"ListItem","position":2,"name":"Discover the 1st interview of our \u201cBUSINESS HYDRO series\u201d"}]},{"@type":"WebSite","@id":"https:\/\/businesshydro.fr\/#website","url":"https:\/\/businesshydro.fr\/","name":"Business Hydro","description":"11th Business Hydro trade fair","publisher":{"@id":"https:\/\/businesshydro.fr\/#organization"},"potentialAction":[{"@type":"SearchAction","target":{"@type":"EntryPoint","urlTemplate":"https:\/\/businesshydro.fr\/?s={search_term_string}"},"query-input":{"@type":"PropertyValueSpecification","valueRequired":true,"valueName":"search_term_string"}}],"inLanguage":"en-US"},{"@type":"Organization","@id":"https:\/\/businesshydro.fr\/#organization","name":"Business Hydro","url":"https:\/\/businesshydro.fr\/","logo":{"@type":"ImageObject","inLanguage":"en-US","@id":"https:\/\/businesshydro.fr\/#\/schema\/logo\/image\/","url":"https:\/\/businesshydro.fr\/wp-content\/uploads\/2026\/02\/Logo-BH-2026-Anglais-RVB-scaled.png","contentUrl":"https:\/\/businesshydro.fr\/wp-content\/uploads\/2026\/02\/Logo-BH-2026-Anglais-RVB-scaled.png","width":2560,"height":960,"caption":"Business Hydro"},"image":{"@id":"https:\/\/businesshydro.fr\/#\/schema\/logo\/image\/"}},{"@type":"Person","@id":"https:\/\/businesshydro.fr\/#\/schema\/person\/96548f55c5c8b5465a2b1663c2cb0c23","name":"admin3239","image":{"@type":"ImageObject","inLanguage":"en-US","@id":"https:\/\/secure.gravatar.com\/avatar\/742e8c16ee7fb674da67f1770edfa40a7a1d05d4ad969bb6dd9e9299a76680b6?s=96&d=mm&r=g","url":"https:\/\/secure.gravatar.com\/avatar\/742e8c16ee7fb674da67f1770edfa40a7a1d05d4ad969bb6dd9e9299a76680b6?s=96&d=mm&r=g","contentUrl":"https:\/\/secure.gravatar.com\/avatar\/742e8c16ee7fb674da67f1770edfa40a7a1d05d4ad969bb6dd9e9299a76680b6?s=96&d=mm&r=g","caption":"admin3239"},"sameAs":["http:\/\/businesshydro.fr"],"url":"https:\/\/businesshydro.fr\/en\/author\/admin3239\/"}]}},"_links":{"self":[{"href":"https:\/\/businesshydro.fr\/en\/wp-json\/wp\/v2\/posts\/6732","targetHints":{"allow":["GET"]}}],"collection":[{"href":"https:\/\/businesshydro.fr\/en\/wp-json\/wp\/v2\/posts"}],"about":[{"href":"https:\/\/businesshydro.fr\/en\/wp-json\/wp\/v2\/types\/post"}],"author":[{"embeddable":true,"href":"https:\/\/businesshydro.fr\/en\/wp-json\/wp\/v2\/users\/1"}],"replies":[{"embeddable":true,"href":"https:\/\/businesshydro.fr\/en\/wp-json\/wp\/v2\/comments?post=6732"}],"version-history":[{"count":0,"href":"https:\/\/businesshydro.fr\/en\/wp-json\/wp\/v2\/posts\/6732\/revisions"}],"wp:featuredmedia":[{"embeddable":true,"href":"https:\/\/businesshydro.fr\/en\/wp-json\/wp\/v2\/media\/4208"}],"wp:attachment":[{"href":"https:\/\/businesshydro.fr\/en\/wp-json\/wp\/v2\/media?parent=6732"}],"wp:term":[{"taxonomy":"category","embeddable":true,"href":"https:\/\/businesshydro.fr\/en\/wp-json\/wp\/v2\/categories?post=6732"},{"taxonomy":"post_tag","embeddable":true,"href":"https:\/\/businesshydro.fr\/en\/wp-json\/wp\/v2\/tags?post=6732"}],"curies":[{"name":"wp","href":"https:\/\/api.w.org\/{rel}","templated":true}]}}